{"id":34181,"date":"2023-10-13T02:01:38","type":"post","title":"RIGA IFF aicina uz pane\u013cdiskusiju par seri\u0101lu veido\u0161anu Eirop\u0101","categories":[3],"categories_full":[{"term_id":3,"name":"Zi\u0146as","slug":"news","term_group":0,"term_taxonomy_id":3,"taxonomy":"category","description":"","parent":0,"count":272,"filter":"raw","term_order":"0","i18n_config":{"name":{"ts":{"lv":"Zi\u0146as"}}},"cat_ID":3,"category_count":272,"category_description":"","cat_name":"Zi\u0146as","category_nicename":"news","category_parent":0}],"categories_slugs":"news","tags":[],"featured_image":"https:\/\/rigaiff.lv\/wp-content\/uploads\/2023\/10\/STCB-Poster-16x9-231009-01.png","featured_image_id":34155,"eng_img":null,"lv_img":false,"vertical":false,"horizontal":"https:\/\/rigaiff.lv\/wp-content\/uploads\/2023\/10\/STCB-Poster-16x9-231009-01.png","filmchief_id":null,"photos":null,"fch_imported_date":null,"fch_imported_time":null,"buy_or_apply":null,"url":null,"content":"<p><\/p>\n<p><strong>R\u012bgas Starptautiskais kino festiv\u0101ls (RIGA IFF) sadarb\u012bb\u0101 ar Eiropas Padomi un \u00a0Nacion\u0101lo kino centru 21. oktobr\u012b r\u012bkos divas sec\u012bgas pane\u013cdiskusijas par seri\u0101lu tap\u0161anu un tai nepiecie\u0161amajiem atbalsta meh\u0101nismiem Eirop\u0101. Ar Kult\u016bras un \u0100rlietu ministriju atbalstu noriso\u0161\u0101 pane\u013cdiskusija R\u012bg\u0101 pulc\u0113s nozares speci\u0101listus ar pla\u0161u pieredzi seri\u0101lu izr\u0101d\u012b\u0161anas un finans\u0113\u0161anas jom\u0101, tostarp, Dr. Simoni Emeliusu no V\u0101cijas sabiedrisk\u0101 mediju kan\u0101la \u201cZDF\u201d un Somijas sabiedrisk\u0101 p\u0101rraid\u012bt\u0101ja \u201cYLE\u201d p\u0101rst\u0101vi Jarmo Lampelu.<\/strong><\/p>\n<p>Eiropas padome nule ir izzi\u0146ojusi Eurimages atbalsta meh\u0101nismu Eiropas seri\u0101liem \u2013 t\u0101s ietvaros pirmaj\u0101 gad\u0101 seri\u0101lu veido\u0161anai ir pieejami kopum\u0101 7 miljoni eiro. \u0160\u012bs iniciat\u012bvas kontekst\u0101, \u0101rvalstu un viet\u0113j\u0101s nozares profesion\u0101\u013ci pulc\u0113sies R\u012bg\u0101, lai p\u0101rrun\u0101tu seri\u0101lu \u017eanra kopainu Eirop\u0101, veicin\u0101tu sadarb\u012bbu starp izr\u0101d\u012bt\u0101jiem un veidot\u0101jiem, k\u0101 ar\u012b izv\u0113rt\u0113tu noteico\u0161os krit\u0113rijus labv\u0113l\u012bgai seri\u0101lu ekosist\u0113mai nozar\u0113. Atsevi\u0161\u0137\u0101 diskusij\u0101 ar Baltijas kino centru un audiovizu\u0101las politikas veidot\u0101ju dal\u012bbu, tiks v\u0113t\u012bta seri\u0101lu ra\u017eo\u0161ana un finans\u0113\u0161ana re\u0123ion\u0101l\u0101 kontekst\u0101, aktualiz\u0113jot b\u016btisku jaut\u0101jumu \u2013 k\u0101 nodro\u0161in\u0101t kvalitat\u012bvu nacion\u0101lo seri\u0101lu tap\u0161anu un starptautisku kopprodukciju veicin\u0101\u0161anu.<\/p>\n<p>Seri\u0101lu form\u0101ts aizvad\u012btaj\u0101 desmitgad\u0113 pasaules un Eiropas kinematogr\u0101f\u0101 ir piedz\u012bvojis radik\u0101lu uzplaukumu un, pieaugot straum\u0113\u0161anas platformu lietot\u0101ju skaitam, tas k\u013c\u016bst arvien popul\u0101r\u0101ks. Pie seri\u0101liem str\u0101d\u0101ju\u0161i pat t\u0101di re\u017eisori k\u0101 M\u0101rtins Skors\u0113ze, savuk\u0101rt Lietuv\u0101 uz\u0146emtais v\u0113sturiskais britu seri\u0101ls \u201c\u010cernobi\u013ca\u201d (<i>Chernobyl<\/i>, 2019) kinov\u0113stur\u0113 ieg\u0101jis k\u0101 viens no izcil\u0101kajiem mini seri\u0101lu piem\u0113riem. Ar\u012b Latvij\u0101 p\u0113d\u0113j\u0101 laik\u0101 seri\u0101lu veido\u0161ana k\u013cuvusi intens\u012bv\u0101ka \u2013 tapis ar pan\u0101kumiem gan kino, gan straum\u0113\u0161anas platform\u0101s un telev\u012bzij\u0101 izr\u0101d\u012btais seri\u0101ls \u201cEm\u012blija. Latvijas preses karaliene\u201d. Aizvad\u012btaj\u0101 vasar\u0101 nosl\u0113gta v\u0113l divu daudzs\u0113riju darbu \u2013 \u201cPansija Pil\u012b\u201d un \u201cPadomju d\u017einsi\u201d \u2013 film\u0113\u0161ana attiec\u012bgi studiju \u201cMistrus Media\u201d un \u201cTASSE Film\u201d pasp\u0101rn\u0113.<\/p>\n<p>Uz sarunu 21. oktobr\u012b viesn\u012bcas Radission Blu Elizabete Hotel z\u0101l\u0113 \u201cBarons\u201d plkst. 11.00 aicin\u0101ti gan kult\u016brpolitikas veidot\u0101ji un kino nozares p\u0101rst\u0101vji, gan citi interesenti. Vair\u0101k inform\u0101cijas par gaid\u0101mo diskusiju un t\u0101s dal\u012bbniekiem iesp\u0113jams atrast RIGA IFF m\u0101jaslap\u0101 <a href=\"https:\/\/rigaiff.lv\/forum-2023\/stories-that-cross-borders-shaping-european-series-co-production\/?info=about\" target=\"_blank\" rel=\"noopener\">rigaiff.lv\/stcb<\/a>.<\/p>\n<p>R\u012bga k\u0101 norises vieta \u0161ai sarunai izraudz\u012bta, atz\u012bm\u0113jot Latvijas prezident\u016bru Eiropas Padomes Ministru komitej\u0101 no \u0161\u0101gada maija l\u012bdz oktobrim.<\/p>\n<p><\/p>","bs_screenings":null,"bs_imported_date_0":null,"bs_imported_time_0":null,"bs_imported_date_1":null,"bs_imported_time_1":null,"bs_imported_date_2":null,"bs_imported_time_2":null,"sorttime":"","sortdate":"","bs_id0":null,"bs_id1":null,"bs_id2":null,"custom_additional_content_small":null,"link":"https:\/\/rigaiff.lv\/lv\/news\/riga-iff-aicina-uz-paneldiskusiju-par-serialu-veidosanu-eiropa\/","original_title":null,"director":null,"country":null,"year":null,"festival_year":null,"runtime":null,"languages":null,"sub_languages":null,"description":null,"images":false,"in_cinemas":null,"on_demand":null,"not_available":null,"rights_expiry_date":null,"online_only":null,"poster":null,"price":null,"eyelet_embed":null,"available_until":null,"geographical_availability":null,"synopsis_preview":null,"trailer_url":null,"custom_supporter_title":null,"supporter":null,"available":null,"geographical_availability_custom_short":null,"geographical_availability_custom_long":null,"subtitle_language_online":null,"cinesend_id":null,"online_price":null,"online_bs_id":null}