{"id":37093,"date":"2024-08-13T02:20:00","type":"post","title":"N\u0101kotne no pag\u0101tnes utopijas \u2013 Latvijas Nacion\u0101laj\u0101 bibliot\u0113k\u0101 norit\u0113s \u012bpa\u0161s RIGA IFF arhitekt\u016bras sada\u013cas seanss","categories":[3],"categories_full":[{"term_id":3,"name":"Zi\u0146as","slug":"news","term_group":0,"term_taxonomy_id":3,"taxonomy":"category","description":"","parent":0,"count":272,"filter":"raw","term_order":"0","i18n_config":{"name":{"ts":{"lv":"Zi\u0146as"}}},"cat_ID":3,"category_count":272,"category_description":"","cat_name":"Zi\u0146as","category_nicename":"news","category_parent":0}],"categories_slugs":"news","tags":[],"featured_image":"https:\/\/rigaiff.lv\/wp-content\/uploads\/2024\/08\/LIFE-ASSEMBLED-001-presskit-e1723484111594.jpg","featured_image_id":36998,"eng_img":null,"lv_img":false,"vertical":false,"horizontal":"https:\/\/rigaiff.lv\/wp-content\/uploads\/2024\/08\/LIFE-ASSEMBLED-001-presskit-e1723484111594.jpg","filmchief_id":null,"photos":null,"fch_imported_date":null,"fch_imported_time":null,"buy_or_apply":null,"url":null,"content":"<p><\/p>\n<p>Pils\u0113tvides izp\u0113tei un arhitekt\u016brai velt\u012btaj\u0101 R\u012bgas Starptautisk\u0101 kino festiv\u0101la (RIGA IFF, 17.\u201327. oktobr\u012b) sada\u013c\u0101\u00a0<a href=\"https:\/\/rigaiff.lv\/lv\/programme-2024\/architects-cut\" target=\"_self\" rel=\"noopener\" data-saferedirecturl=\"https:\/\/www.google.com\/url?q=http:\/\/rigaiff.lv\/lv\/programme-2024\/architects-cut&amp;source=gmail&amp;ust=1723292062587000&amp;usg=AOvVaw0xP3Uks_MND7moSGHaGIJo\">ARCHITECT\u2019S CUT<\/a>\u00a019. oktobr\u012b plkst. 19.00 \u012bpa\u0161u seansu piedz\u012bvos dokument\u0101l\u0101 filma \u201c<a href=\"https:\/\/rigaiff.lv\/lv\/films-2024\/dzive-samonteta\" target=\"_self\" rel=\"noopener\" data-saferedirecturl=\"https:\/\/www.google.com\/url?q=http:\/\/rigaiff.lv\/lv\/films-2024\/dzive-samonteta&amp;source=gmail&amp;ust=1723292062587000&amp;usg=AOvVaw0yIwh4xMmMDBoV0GAPuCb6\">Dz\u012bve, samont\u0113ta<\/a>\u201d (<i>Life, Assembled<\/i>). Sadarb\u012bb\u0101 ar Latvijas Arhitektu savien\u012bbu r\u012bkotaj\u0101 seans\u0101 Latvijas Nacion\u0101l\u0101s bibliot\u0113kas Ziedo\u0146a z\u0101l\u0113 kl\u0101teso\u0161a b\u016bs ar\u012b filmas re\u017eisore un praktiz\u0113jo\u0161a arhitekte Elod\u012b Degavra. Autores rad\u012btais, smalkais dokument\u0101lais portrets piev\u0113r\u0161as 70. gadu be\u013c\u0123u arhitekt\u016bras ide\u0101liem \u2013 utopisk\u0101m idej\u0101m par m\u0101jok\u013cu kr\u012bzes p\u0101rvar\u0113\u0161anu. Bi\u013cetes uz seansu iesp\u0113jams ieg\u0101d\u0101ties festiv\u0101la m\u0101jaslap\u0101 (<a href=\"https:\/\/rigaiff.lv\/\" target=\"_self\" rel=\"noopener\" data-saferedirecturl=\"https:\/\/www.google.com\/url?q=http:\/\/rigaiff.lv&amp;source=gmail&amp;ust=1723292062587000&amp;usg=AOvVaw3Duahtq46l6MyeqSFohCTw\">rigaiff.lv<\/a>) un \u201cBi\u013ce\u0161u serviss\u201d tirdzniec\u012bbas viet\u0101s.<\/p>\n<p>Dokument\u0101l\u0101s filmas rota\u013c\u012bg\u0101 d\u017eeza partit\u016bra pavada st\u0101stu par sap\u0146ot\u0101jiem, kuriem pa\u0161iem pat\u012bk sevi saukt par vizion\u0101riem. \u0160o be\u013c\u0123u arhitektu politiski optimistisk\u0101 darb\u012bba 70. gados izaicin\u0101ja uzskatus par n\u0101kotnes mantojumu, k\u0101 arhitekt\u016bras centr\u0101lo asi izvirzot cilv\u0113ku. Ieskandinot n\u0101kotni un ideju tr\u012bsvien\u012bbu \u2013 ekonomiski, eleganti un m\u016bsdien\u012bgi \u2013 vi\u0146i rad\u012bja eksperiment\u0101las, modernas un ikvienam pieejamas m\u0101jok\u013cu kopienas Brisel\u0113, Lje\u017e\u0101 un \u0160arleru\u0101, t\u0101d\u0113j\u0101di satricinot konservat\u012bv\u0101s b\u016bvm\u0101kslas aprindas. 50 gadus p\u0113c utopisko ideju iedz\u012bvin\u0101\u0161anas Brisel\u0113 dz\u012bvojo\u0161\u0101 arhitekte, fotogr\u0101fe un kino re\u017eisore Elod\u012b Degavra satiekas ar to rad\u012bt\u0101jiem \u2013 arhitektu un p\u0113tnieku \u017danu Angleb\u0113ru, t\u0113rauda vizion\u0101ru Polu Pet\u012b, l\u012bdzdal\u012bbas arhitekt\u016bras pionieriem Lisj\u0113nu un Simonu Krolliem.<\/p>\n<blockquote>\n<p><i>\u201cPasaules festiv\u0101los izr\u0101d\u012bt\u0101 filma ir smalkj\u016bt\u012bgs ce\u013cojums laik\u0101 un ar\u012b apliecin\u0101jums, ka visos laikos arhitekti ir uzdevu\u0161i jaut\u0101jumu \u2013 k\u0101 m\u0113s dz\u012bvosim r\u012bt? T\u0101 \u0161\u0137etina ar\u012b m\u016bsdien\u0101s aktu\u0101lo m\u0101jok\u013cu pieejam\u012bbas t\u0113mu un run\u0101 par t\u0101d\u0101m v\u0113rt\u012bb\u0101m k\u0101 ilgtsp\u0113ja, est\u0113tika un iek\u013cau\u0161ana, kas \u0161odien izskan Jaun\u0101 Eiropas Bauhaus kontekst\u0101. Esam gandar\u012bti ne tikai par to, ka filma non\u0101k pie Latvijas skat\u012bt\u0101ja, bet ar\u012b par iesp\u0113ju re\u017eisorei ar lekciju un dal\u012bbu \u017e\u016brij\u0101 iesaist\u012bties Latvijas Arhitekt\u016bras gada balvas noris\u0113s,\u201d<\/i><\/p>\n<\/blockquote>\n<p>uzsver Latvijas Arhitektu savien\u012bbas padomes priek\u0161s\u0113d\u0113t\u0101js Art\u016brs Lapi\u0146\u0161.<\/p>\n<p><div class=\"responsive-container\"><iframe loading=\"lazy\" title=\"LIFE, ASSEMBLED  Trailer | RIGA IFF 2024\" width=\"1799\" height=\"1012\" src=\"https:\/\/www.youtube.com\/embed\/fvDsUHvIATA?feature=oembed\" frameborder=\"0\" allow=\"accelerometer; autoplay; clipboard-write; encrypted-media; gyroscope; picture-in-picture; web-share\" referrerpolicy=\"strict-origin-when-cross-origin\" allowfullscreen><\/iframe><\/div>\n<\/p>\n<p>Degavra, izmantojot pa\u0146\u0113mienu \u201clai izzin\u0101tu n\u0101kotni, j\u0101atgrie\u017eas pag\u0101tn\u0113\u201d, atskat\u0101s uz maz\u0101k zin\u0101mu Be\u013c\u0123ijas arhitekt\u016bras v\u0113stures noda\u013cu \u2013 70. gadu ide\u0101liem, kas radu\u0161ies 1968. gada studentu nemieru Francij\u0101 jeb Studentu maija rezult\u0101t\u0101. Person\u012bgajiem atmi\u0146u st\u0101stiem savijoties ar arh\u012bva materi\u0101liem un intervij\u0101m ar kolor\u012btajiem be\u013c\u0123u arhitektiem, tapis p\u0101rlaic\u012bgs, k\u0101 kino, t\u0101 arhitekt\u016bras telp\u0101 augsti v\u0113rt\u0113ts dokument\u0101lais velt\u012bjums formas eksperimentiem un drosm\u012bgajiem postmodernisma idejas sludin\u0101t\u0101jiem.<\/p>\n<p>Dokument\u0101lais portrets \u201cDz\u012bve, samont\u0113ta\u201d \u012bpa\u0161\u0101 seans\u0101 ar filmas re\u017eisores Elod\u012b Degavras dal\u012bbu norit\u0113s 19. oktobr\u012b, plkst. 19.00 Latvijas Nacion\u0101laj\u0101 bibliot\u0113k\u0101; p\u0113c seansa gaid\u0101ma saruna ar filmas autori. Filmas seanss, organiz\u0113ts sadarb\u012bb\u0101 ar Latvijas Arhitektu savien\u012bbu un Latvijas Nacion\u0101lo bibliot\u0113ku, ir da\u013ca no Arhitekt\u016bras ned\u0113\u013cas nori\u0161u programmas. Bi\u013cetes uz seansu var ieg\u0101d\u0101ties festiv\u0101la m\u0101jaslap\u0101\u00a0<a href=\"https:\/\/rigaiff.lv\/\" target=\"_self\" rel=\"noopener\" data-saferedirecturl=\"https:\/\/www.google.com\/url?q=http:\/\/rigaiff.lv&amp;source=gmail&amp;ust=1723292062587000&amp;usg=AOvVaw3Duahtq46l6MyeqSFohCTw\">rigaiff.lv<\/a>\u00a0un \u201cBi\u013ce\u0161u serviss\u201d tirdzniec\u012bbas viet\u0101s.<\/p>\n                    <div class=\"row justify-content-center buttonrow shortcode_buttonrow\">\n\n                \n                    <div class=\"w-auto shortcode_buttonrow_single_wrap\">\n                                                    <a href=\"https:\/\/rigaiff.lv\/lv\/films-2024\/dzive-samonteta\" class=\" white_arrow\"><div class=\"ticketbox_intickets\">\n\n                                        Bi\u013cetes\n                                    <\/div><\/a>\n\n                    <\/div>\n                            <\/div>\n\n        \n    \n<p>No 17. l\u012bdz 27. oktobrim vair\u0101k nek\u0101 100 seansos kino cien\u012bt\u0101ju ma\u0146\u0101m tiks pied\u0101v\u0101ti drosm\u012bgi un svaigi autoru skat\u012bjumi, kas rasti pasaules presti\u017e\u0101ko kinofestiv\u0101lu programm\u0101s, k\u0101 ar\u012b Latvijai radniec\u012bgaj\u0101 Baltijas j\u016bras re\u0123iona kinom\u0101ksl\u0101. L\u012bdz pilnas festiv\u0101la programmas izzi\u0146o\u0161anai 17. septembr\u012b RIGA IFF turpin\u0101s atkl\u0101t ar\u012b citus m\u0101kslinieciski augstv\u0113rt\u012bgus \u0161\u012b gada programmas darbus \u2013 Roterdamas, Berl\u012bnes, Kannu, Ven\u0113cijas un citos kino festiv\u0101los apbalvot\u0101s filmas, k\u0101 ar\u012b drosm\u012bgus laikmet\u012bg\u0101 kinematogr\u0101fa apsl\u0113ptos d\u0101rgumus. Jaunumiem sekot iesp\u0113jams vietn\u0113\u00a0<a href=\"https:\/\/rigaiff.lv\/\" target=\"_self\" rel=\"noopener\" data-saferedirecturl=\"https:\/\/www.google.com\/url?q=http:\/\/rigaiff.lv&amp;source=gmail&amp;ust=1723292062587000&amp;usg=AOvVaw3Duahtq46l6MyeqSFohCTw\">rigaiff.lv<\/a>\u00a0un festiv\u0101la soci\u0101lo mediju kontos, k\u0101 ar\u012b pierakstoties RIGA IFF v\u0113stkopas sa\u0146em\u0161anai.<\/p>\n<p>RIGA IFF galvenais partneris \u2013 mediju un tehnolo\u0123iju uz\u0146\u0113mums \u201cTet\u201d. Festiv\u0101ls top ar Valsts kult\u016brkapit\u0101la fonda, ES programmas \u201cRado\u0161\u0101 Eiropa \u2013 MEDIA\u201d, R\u012bgas domes un Nacion\u0101l\u0101 kino centra atbalstu.<\/p>\n<p><\/p>","bs_screenings":null,"bs_imported_date_0":null,"bs_imported_time_0":null,"bs_imported_date_1":null,"bs_imported_time_1":null,"bs_imported_date_2":null,"bs_imported_time_2":null,"sorttime":"","sortdate":"","bs_id0":null,"bs_id1":null,"bs_id2":null,"custom_additional_content_small":null,"link":"https:\/\/rigaiff.lv\/lv\/news\/nakotne-no-pagatnes-utopijas-latvijas-nacionalaja-biblioteka-norites-ipass-riga-iff-arhitekturas-sadalas-seanss\/","original_title":null,"director":null,"country":null,"year":null,"festival_year":null,"runtime":null,"languages":null,"sub_languages":null,"description":null,"images":false,"in_cinemas":null,"on_demand":null,"not_available":null,"rights_expiry_date":null,"online_only":null,"poster":null,"price":null,"eyelet_embed":null,"available_until":null,"geographical_availability":null,"synopsis_preview":null,"trailer_url":null,"custom_supporter_title":null,"supporter":null,"available":null,"geographical_availability_custom_short":null,"geographical_availability_custom_long":null,"subtitle_language_online":null,"cinesend_id":null,"online_price":null,"online_bs_id":null}